{"id":19537,"date":"2025-11-07T10:00:45","date_gmt":"2025-11-07T08:00:45","guid":{"rendered":"https:\/\/gemmes.org\/?p=19537"},"modified":"2025-12-30T18:07:18","modified_gmt":"2025-12-30T16:07:18","slug":"de-nouveaux-parcours-en-ile-de-france","status":"publish","type":"post","link":"https:\/\/gemmes.org\/en\/de-nouveaux-parcours-en-ile-de-france","title":{"rendered":"De nouveaux parcours en \u00cele-de-France"},"content":{"rendered":"<div data-elementor-type=\"wp-post\" data-elementor-id=\"19537\" class=\"elementor elementor-19537\" data-elementor-post-type=\"post\">\n\t\t\t\t\t\t<section data-particle_enable=\"false\" data-particle-mobile-disabled=\"false\" class=\"elementor-section elementor-top-section elementor-element elementor-element-3096d64 elementor-section-boxed elementor-section-height-default elementor-section-height-default\" data-id=\"3096d64\" data-element_type=\"section\" data-e-type=\"section\" data-settings=\"{&quot;background_background&quot;:&quot;classic&quot;}\">\n\t\t\t\t\t\t<div class=\"elementor-container elementor-column-gap-wide\">\n\t\t\t\t\t<div class=\"elementor-column elementor-col-50 elementor-top-column elementor-element elementor-element-2a054c1\" data-id=\"2a054c1\" data-element_type=\"column\" data-e-type=\"column\">\n\t\t\t<div class=\"elementor-widget-wrap elementor-element-populated\">\n\t\t\t\t\t\t<div class=\"elementor-element elementor-element-02544ca e-transform elementor-widget elementor-widget-heading\" data-id=\"02544ca\" data-element_type=\"widget\" data-e-type=\"widget\" data-settings=\"{&quot;_transform_translateX_effect&quot;:{&quot;unit&quot;:&quot;px&quot;,&quot;size&quot;:0,&quot;sizes&quot;:[]},&quot;_transform_translateY_effect&quot;:{&quot;unit&quot;:&quot;px&quot;,&quot;size&quot;:40,&quot;sizes&quot;:[]},&quot;_transform_translateX_effect_tablet&quot;:{&quot;unit&quot;:&quot;px&quot;,&quot;size&quot;:&quot;&quot;,&quot;sizes&quot;:[]},&quot;_transform_translateX_effect_mobile&quot;:{&quot;unit&quot;:&quot;px&quot;,&quot;size&quot;:&quot;&quot;,&quot;sizes&quot;:[]},&quot;_transform_translateY_effect_tablet&quot;:{&quot;unit&quot;:&quot;px&quot;,&quot;size&quot;:&quot;&quot;,&quot;sizes&quot;:[]},&quot;_transform_translateY_effect_mobile&quot;:{&quot;unit&quot;:&quot;px&quot;,&quot;size&quot;:&quot;&quot;,&quot;sizes&quot;:[]}}\" data-widget_type=\"heading.default\">\n\t\t\t\t<div class=\"elementor-widget-container\">\n\t\t\t\t\t<h2 class=\"elementor-heading-title elementor-size-default\">De nouveaux parcours en \u00cele-de-France<\/h2>\t\t\t\t<\/div>\n\t\t\t\t<\/div>\n\t\t\t\t\t<\/div>\n\t\t<\/div>\n\t\t\t\t<div class=\"elementor-column elementor-col-50 elementor-top-column elementor-element elementor-element-5f55234\" data-id=\"5f55234\" data-element_type=\"column\" data-e-type=\"column\">\n\t\t\t<div class=\"elementor-widget-wrap\">\n\t\t\t\t\t\t\t<\/div>\n\t\t<\/div>\n\t\t\t\t\t<\/div>\n\t\t<\/section>\n\t\t\t\t<section data-particle_enable=\"false\" data-particle-mobile-disabled=\"false\" class=\"elementor-section elementor-top-section elementor-element elementor-element-b4d2e9c elementor-section-boxed elementor-section-height-default elementor-section-height-default\" data-id=\"b4d2e9c\" data-element_type=\"section\" data-e-type=\"section\">\n\t\t\t\t\t\t<div class=\"elementor-container elementor-column-gap-wide\">\n\t\t\t\t\t<div class=\"elementor-column elementor-col-50 elementor-top-column elementor-element elementor-element-b535b14\" data-id=\"b535b14\" data-element_type=\"column\" data-e-type=\"column\">\n\t\t\t<div class=\"elementor-widget-wrap elementor-element-populated\">\n\t\t\t\t\t\t<div class=\"elementor-element elementor-element-a3ae4aa elementor-widget elementor-widget-text-editor\" data-id=\"a3ae4aa\" data-element_type=\"widget\" data-e-type=\"widget\" data-widget_type=\"text-editor.default\">\n\t\t\t\t<div class=\"elementor-widget-container\">\n\t\t\t\t\t\t\t\t\t<p>05\/12\/2025<\/p>\t\t\t\t\t\t\t\t<\/div>\n\t\t\t\t<\/div>\n\t\t\t\t\t<\/div>\n\t\t<\/div>\n\t\t\t\t<div class=\"elementor-column elementor-col-50 elementor-top-column elementor-element elementor-element-8fd50bc\" data-id=\"8fd50bc\" data-element_type=\"column\" data-e-type=\"column\">\n\t\t\t<div class=\"elementor-widget-wrap elementor-element-populated\">\n\t\t\t\t\t\t<div class=\"elementor-element elementor-element-7aa0be7 elementor-widget elementor-widget-image\" data-id=\"7aa0be7\" data-element_type=\"widget\" data-e-type=\"widget\" data-widget_type=\"image.default\">\n\t\t\t\t<div class=\"elementor-widget-container\">\n\t\t\t\t\t\t\t\t\t\t\t\t\t\t\t<img fetchpriority=\"high\" decoding=\"async\" width=\"1024\" height=\"594\" src=\"https:\/\/gemmes.org\/wp-content\/uploads\/2025\/11\/Enseignants-Mantes-la-Ville-1024x594.jpg\" class=\"attachment-large size-large wp-image-19545\" alt=\"\" srcset=\"https:\/\/gemmes.org\/wp-content\/uploads\/2025\/11\/Enseignants-Mantes-la-Ville-1024x594.jpg 1024w, https:\/\/gemmes.org\/wp-content\/uploads\/2025\/11\/Enseignants-Mantes-la-Ville-300x174.jpg 300w, https:\/\/gemmes.org\/wp-content\/uploads\/2025\/11\/Enseignants-Mantes-la-Ville-768x446.jpg 768w, https:\/\/gemmes.org\/wp-content\/uploads\/2025\/11\/Enseignants-Mantes-la-Ville-1536x891.jpg 1536w, https:\/\/gemmes.org\/wp-content\/uploads\/2025\/11\/Enseignants-Mantes-la-Ville-18x10.jpg 18w, https:\/\/gemmes.org\/wp-content\/uploads\/2025\/11\/Enseignants-Mantes-la-Ville.jpg 1920w\" sizes=\"(max-width: 1024px) 100vw, 1024px\" \/>\t\t\t\t\t\t\t\t\t\t\t\t\t\t\t<\/div>\n\t\t\t\t<\/div>\n\t\t\t\t\t<\/div>\n\t\t<\/div>\n\t\t\t\t\t<\/div>\n\t\t<\/section>\n\t\t\t\t<section data-particle_enable=\"false\" data-particle-mobile-disabled=\"false\" class=\"elementor-section elementor-top-section elementor-element elementor-element-044b1cb elementor-section-boxed elementor-section-height-default elementor-section-height-default\" data-id=\"044b1cb\" data-element_type=\"section\" data-e-type=\"section\">\n\t\t\t\t\t\t<div class=\"elementor-container elementor-column-gap-wider\">\n\t\t\t\t\t<div class=\"elementor-column elementor-col-50 elementor-top-column elementor-element elementor-element-8fa3f5b\" data-id=\"8fa3f5b\" data-element_type=\"column\" data-e-type=\"column\">\n\t\t\t<div class=\"elementor-widget-wrap elementor-element-populated\">\n\t\t\t\t\t\t<div class=\"elementor-element elementor-element-1d70fb3 elementor-widget elementor-widget-text-editor\" data-id=\"1d70fb3\" data-element_type=\"widget\" data-e-type=\"widget\" data-widget_type=\"text-editor.default\">\n\t\t\t\t<div class=\"elementor-widget-container\">\n\t\t\t\t\t\t\t\t\t<p><span data-contrast=\"auto\">\ud83c\udf92\u00a0<\/span><b><span data-contrast=\"auto\">\u00cele-de-France : plus grand, plus loin !<\/span><\/b><span data-ccp-props=\"{&quot;335559738&quot;:240,&quot;335559739&quot;:240}\">\u00a0<\/span><\/p><p><span data-contrast=\"auto\">Gemmes avait d\u00e9j\u00e0 eu la joie, l\u2019an dernier, d\u2019intervenir dans 10 coll\u00e8ges en r\u00e9gion parisienne gr\u00e2ce \u00e0 notre partenariat avec<i> <\/i><\/span><i><span style=\"text-decoration: underline;\">Alliance pour l\u2019\u00c9ducation<\/span><\/i><span style=\"text-decoration: underline;\"><i>&#8211; United Way<\/i><\/span><i> <\/i><span data-contrast=\"auto\">dans le cadre de<b> <\/b><\/span><b><span data-contrast=\"auto\">D\u00e9fi Jeunesse<\/span><\/b><span data-contrast=\"auto\">.<\/span><span data-ccp-props=\"{&quot;335559738&quot;:240,&quot;335559739&quot;:240}\">\u00a0<\/span><\/p><p><span data-contrast=\"auto\">\u2728 Cette ann\u00e9e scolaire,\u00a0l\u2019aventure s\u2019amplifie\u00a0gr\u00e2ce au soutien de\u00a0la\u00a0<\/span><b><span data-contrast=\"auto\">Fondation Ars\u00e8ne<\/span><\/b><span data-contrast=\"auto\">\u00a0: nous d\u00e9ployons\u00a0d\u00e9sormais \u00e9galement\u00a0notre\u00a0parcours\u00a0annuel\u00a0dans\u00a0<\/span><b><span data-contrast=\"auto\">trois lyc\u00e9es professionnels d\u2019\u00cele-de-France<\/span><\/b><span data-contrast=\"auto\">\u00a0:<\/span><span data-ccp-props=\"{&quot;335559738&quot;:240,&quot;335559739&quot;:240}\">\u00a0<\/span><\/p><ul><li aria-setsize=\"-1\" data-leveltext=\"\uf0b7\" data-font=\"Symbol\" data-listid=\"2\" data-list-defn-props=\"{&quot;335552541&quot;:1,&quot;335559685&quot;:720,&quot;335559991&quot;:360,&quot;469769226&quot;:&quot;Symbol&quot;,&quot;469769242&quot;:[8226],&quot;469777803&quot;:&quot;left&quot;,&quot;469777804&quot;:&quot;\uf0b7&quot;,&quot;469777815&quot;:&quot;hybridMultilevel&quot;}\" data-aria-posinset=\"1\" data-aria-level=\"1\"><span data-contrast=\"auto\">\u00c0\u00a0<\/span><i><span data-contrast=\"auto\">Mantes-la-Ville<\/span><\/i><span data-contrast=\"auto\">, dans le dispositif\u00a0<\/span><b><span data-contrast=\"auto\">ULIS<\/span><\/b><span data-ccp-props=\"{&quot;335559738&quot;:240,&quot;335559739&quot;:240}\">\u00a0<\/span><\/li><\/ul><ul><li aria-setsize=\"-1\" data-leveltext=\"\uf0b7\" data-font=\"Symbol\" data-listid=\"2\" data-list-defn-props=\"{&quot;335552541&quot;:1,&quot;335559685&quot;:720,&quot;335559991&quot;:360,&quot;469769226&quot;:&quot;Symbol&quot;,&quot;469769242&quot;:[8226],&quot;469777803&quot;:&quot;left&quot;,&quot;469777804&quot;:&quot;\uf0b7&quot;,&quot;469777815&quot;:&quot;hybridMultilevel&quot;}\" data-aria-posinset=\"2\" data-aria-level=\"1\"><span data-contrast=\"auto\">\u00c0\u00a0<\/span><i><span data-contrast=\"auto\">Beaumont-sur-Oise<\/span><\/i><span data-contrast=\"auto\">, aupr\u00e8s de\u00a0<\/span><b><span data-contrast=\"auto\">deux classes de premi\u00e8res ASSP<\/span><\/b><span data-ccp-props=\"{&quot;335559738&quot;:240,&quot;335559739&quot;:240}\">\u00a0<\/span><\/li><\/ul><ul><li aria-setsize=\"-1\" data-leveltext=\"\uf0b7\" data-font=\"Symbol\" data-listid=\"2\" data-list-defn-props=\"{&quot;335552541&quot;:1,&quot;335559685&quot;:720,&quot;335559991&quot;:360,&quot;469769226&quot;:&quot;Symbol&quot;,&quot;469769242&quot;:[8226],&quot;469777803&quot;:&quot;left&quot;,&quot;469777804&quot;:&quot;\uf0b7&quot;,&quot;469777815&quot;:&quot;hybridMultilevel&quot;}\" data-aria-posinset=\"3\" data-aria-level=\"1\"><span data-contrast=\"auto\">\u00c0\u00a0<\/span><i><span data-contrast=\"auto\">Fosses<\/span><\/i><span data-contrast=\"auto\">, avec\u00a0<\/span><b><span data-contrast=\"auto\">une classe de CAP<\/span><\/b><span data-contrast=\"auto\">\u00a0and\u00a0<\/span><b><span data-contrast=\"auto\">une classe de premi\u00e8re MRC<\/span><\/b><span data-ccp-props=\"{&quot;335559738&quot;:240,&quot;335559739&quot;:240}\">\u00a0<\/span><\/li><\/ul><p><span data-contrast=\"auto\">Ces\u00a0parcours ont d\u00e9but\u00e9 avec des \u00e9quipes \u00e9ducatives particuli\u00e8rement engag\u00e9es, motiv\u00e9es \u00e0 ouvrir un espace pour :<\/span>\u00a0<br \/><span data-contrast=\"auto\">\ud83e\udd1d \u00eatre ensemble autrement<\/span>\u00a0<br \/><span data-contrast=\"auto\">\ud83d\udcac int\u00e9grer des s\u00e9ances autour de l\u2019empathie et de la responsabilit\u00e9<\/span>\u00a0<br \/><span data-contrast=\"auto\">\ud83d\udcda\u00a0nourrir le sens des apprentissages et renforcer la qualit\u00e9 des relations au sein des classes<\/span><span data-ccp-props=\"{&quot;335559738&quot;:240,&quot;335559739&quot;:240}\">\u00a0<\/span><\/p><p><span data-contrast=\"auto\">Les \u00e9l\u00e8ves ont d\u00e9j\u00e0 v\u00e9cu l\u2019atelier\u00a0<\/span><b><span data-contrast=\"auto\">\u201cB\u00e2tir le courage en moi\u201d<\/span><\/b><span data-contrast=\"auto\">, poursuivent avec leurs enseignants le dispositif\u00a0<\/span><b><span data-contrast=\"auto\">SPARKS\u202fprogram<\/span><\/b><span data-contrast=\"auto\">\u00a0et vivront, en fin d\u2019ann\u00e9e, un\u00a0<\/span><b><span data-contrast=\"auto\">envol artistique et solidaire<\/span><\/b><span data-contrast=\"auto\">.<\/span><span data-ccp-props=\"{&quot;335559738&quot;:240,&quot;335559739&quot;:240}\">\u00a0<\/span><\/p><p><span data-contrast=\"auto\">\ud83c\udf31\u00a0<\/span><b><span data-contrast=\"auto\">Un projet construit sur deux ans<\/span><\/b><span data-contrast=\"auto\">\u00a0: nous aurons la joie de retrouver ces classes\u00a0en 2026-2027\u00a0afin de continuer \u00e0 renforcer leurs comp\u00e9tences psychosociales, leur confiance et leur engagement.<\/span><span data-ccp-props=\"{&quot;335559738&quot;:240,&quot;335559739&quot;:240}\">\u00a0<\/span><\/p><p><span data-contrast=\"auto\">Ce d\u00e9ploiement en \u00cele-de-France confirme l\u2019envie, la motivation et l\u2019implication des \u00e9quipes \u00e9ducatives qui souhaitent disposer d\u2019outils concrets, d\u2019un soutien dans leur mission, et d\u2019une nouvelle culture commune centr\u00e9e sur l\u2019attention aux autres\u2026 et le courage de s\u2019entraider.<\/span><span data-ccp-props=\"{&quot;335559738&quot;:240,&quot;335559739&quot;:240}\">\u00a0<\/span><\/p><p><span data-contrast=\"auto\"><i>\u00ab<\/i> Gemmes, pour moi, c\u2019est une fa\u00e7on de r\u00e9v\u00e9ler ce que les \u00e9l\u00e8ves ont d\u00e9j\u00e0 en eux, (&#8230;) et qui ne demande qu\u2019\u00e0 \u00eatre mis en lumi\u00e8re. <i>\u00bb<br \/><\/i>Ali, enseignant.<\/span><span data-ccp-props=\"{&quot;335559738&quot;:240,&quot;335559739&quot;:240}\">\u00a0<\/span><\/p>\t\t\t\t\t\t\t\t<\/div>\n\t\t\t\t<\/div>\n\t\t\t\t\t<\/div>\n\t\t<\/div>\n\t\t\t\t<div class=\"elementor-column elementor-col-50 elementor-top-column elementor-element elementor-element-ee288d4\" data-id=\"ee288d4\" data-element_type=\"column\" data-e-type=\"column\" data-settings=\"{&quot;background_background&quot;:&quot;classic&quot;}\">\n\t\t\t<div class=\"elementor-widget-wrap elementor-element-populated\">\n\t\t\t\t\t\t<div class=\"elementor-element elementor-element-5ca7264 elementor-widget elementor-widget-spacer\" data-id=\"5ca7264\" data-element_type=\"widget\" data-e-type=\"widget\" data-widget_type=\"spacer.default\">\n\t\t\t\t<div class=\"elementor-widget-container\">\n\t\t\t\t\t\t\t<div class=\"elementor-spacer\">\n\t\t\t<div class=\"elementor-spacer-inner\"><\/div>\n\t\t<\/div>\n\t\t\t\t\t\t<\/div>\n\t\t\t\t<\/div>\n\t\t\t\t<div class=\"elementor-element elementor-element-8c8087c elementor-widget-divider--view-line elementor-widget elementor-widget-divider\" data-id=\"8c8087c\" data-element_type=\"widget\" data-e-type=\"widget\" data-widget_type=\"divider.default\">\n\t\t\t\t<div class=\"elementor-widget-container\">\n\t\t\t\t\t\t\t<div class=\"elementor-divider\">\n\t\t\t<span class=\"elementor-divider-separator\">\n\t\t\t\t\t\t<\/span>\n\t\t<\/div>\n\t\t\t\t\t\t<\/div>\n\t\t\t\t<\/div>\n\t\t\t\t<div class=\"elementor-element elementor-element-94034b2 elementor-widget elementor-widget-heading\" data-id=\"94034b2\" data-element_type=\"widget\" data-e-type=\"widget\" data-widget_type=\"heading.default\">\n\t\t\t\t<div class=\"elementor-widget-container\">\n\t\t\t\t\t<h2 class=\"elementor-heading-title elementor-size-default\">Les autres actus<\/h2>\t\t\t\t<\/div>\n\t\t\t\t<\/div>\n\t\t\t\t<div class=\"elementor-element elementor-element-337e856 elementor-grid-1 elementor-posts--thumbnail-none elementor-grid-tablet-2 elementor-grid-mobile-1 elementor-widget elementor-widget-posts\" data-id=\"337e856\" data-element_type=\"widget\" data-e-type=\"widget\" data-settings=\"{&quot;classic_columns&quot;:&quot;1&quot;,&quot;classic_row_gap&quot;:{&quot;unit&quot;:&quot;px&quot;,&quot;size&quot;:22,&quot;sizes&quot;:[]},&quot;classic_columns_tablet&quot;:&quot;2&quot;,&quot;classic_columns_mobile&quot;:&quot;1&quot;,&quot;classic_row_gap_tablet&quot;:{&quot;unit&quot;:&quot;px&quot;,&quot;size&quot;:&quot;&quot;,&quot;sizes&quot;:[]},&quot;classic_row_gap_mobile&quot;:{&quot;unit&quot;:&quot;px&quot;,&quot;size&quot;:&quot;&quot;,&quot;sizes&quot;:[]}}\" data-widget_type=\"posts.classic\">\n\t\t\t\t<div class=\"elementor-widget-container\">\n\t\t\t\t\t\t\t<div class=\"elementor-posts-container elementor-posts elementor-posts--skin-classic elementor-grid\" role=\"list\">\n\t\t\t\t<article class=\"elementor-post elementor-grid-item post-20062 post type-post status-publish format-standard has-post-thumbnail hentry category-actualites tag-actus entry has-media\" role=\"listitem\">\n\t\t\t\t<div class=\"elementor-post__text\">\n\t\t\t\t<h3 class=\"elementor-post__title\">\n\t\t\t<a href=\"https:\/\/gemmes.org\/en\/notre-site-se-renouvelle\" >\n\t\t\t\tNotre site se renouvelle\t\t\t<\/a>\n\t\t<\/h3>\n\t\t\t\t<\/div>\n\t\t\t\t<\/article>\n\t\t\t\t<\/div>\n\t\t\n\t\t\t\t\t\t<\/div>\n\t\t\t\t<\/div>\n\t\t\t\t\t<\/div>\n\t\t<\/div>\n\t\t\t\t\t<\/div>\n\t\t<\/section>\n\t\t\t\t<\/div>","protected":false},"excerpt":{"rendered":"<p>De nouveaux parcours en \u00cele-de-France 05\/12\/2025 \ud83c\udf92\u00a0\u00cele-de-France : plus grand, plus loin !\u00a0 Gemmes avait d\u00e9j\u00e0 eu la joie, l\u2019an dernier, d\u2019intervenir dans 10 coll\u00e8ges en r\u00e9gion parisienne gr\u00e2ce \u00e0 notre partenariat avec Alliance pour l\u2019\u00c9ducation&#8211; United Way dans le cadre de D\u00e9fi Jeunesse.\u00a0 \u2728 Cette ann\u00e9e scolaire,\u00a0l\u2019aventure s\u2019amplifie\u00a0gr\u00e2ce au<\/p>","protected":false},"author":3,"featured_media":19545,"comment_status":"open","ping_status":"open","sticky":false,"template":"elementor_header_footer","format":"standard","meta":{"footnotes":""},"categories":[12],"tags":[10],"class_list":["post-19537","post","type-post","status-publish","format-standard","has-post-thumbnail","hentry","category-actualites","tag-actus","entry","has-media"],"yoast_head":"<!-- This site is optimized with the Yoast SEO plugin v26.1.1 - https:\/\/yoast.com\/wordpress\/plugins\/seo\/ -->\n<title>De nouveaux parcours en \u00cele-de-France - Gemmes.org - Reflexion Inspiration Action<\/title>\n<meta name=\"robots\" content=\"index, follow, max-snippet:-1, max-image-preview:large, max-video-preview:-1\" \/>\n<link rel=\"canonical\" href=\"https:\/\/gemmes.org\/en\/de-nouveaux-parcours-en-ile-de-france\/\" \/>\n<meta property=\"og:locale\" content=\"en_US\" \/>\n<meta property=\"og:type\" content=\"article\" \/>\n<meta property=\"og:title\" content=\"De nouveaux parcours en \u00cele-de-France - Gemmes.org - Reflexion Inspiration Action\" \/>\n<meta property=\"og:description\" content=\"De nouveaux parcours en \u00cele-de-France 05\/12\/2025 \ud83c\udf92\u00a0\u00cele-de-France : plus grand, plus loin !\u00a0 Gemmes avait d\u00e9j\u00e0 eu la joie, l\u2019an dernier, d\u2019intervenir dans 10 coll\u00e8ges en r\u00e9gion parisienne gr\u00e2ce \u00e0 notre partenariat avec Alliance pour l\u2019\u00c9ducation&#8211; United Way dans le cadre de D\u00e9fi Jeunesse.\u00a0 \u2728 Cette ann\u00e9e scolaire,\u00a0l\u2019aventure s\u2019amplifie\u00a0gr\u00e2ce au\" \/>\n<meta property=\"og:url\" content=\"https:\/\/gemmes.org\/en\/de-nouveaux-parcours-en-ile-de-france\/\" \/>\n<meta property=\"og:site_name\" content=\"Gemmes.org - Reflexion Inspiration Action\" \/>\n<meta property=\"article:published_time\" content=\"2025-11-07T08:00:45+00:00\" \/>\n<meta property=\"article:modified_time\" content=\"2025-12-30T16:07:18+00:00\" \/>\n<meta property=\"og:image\" content=\"https:\/\/gemmes.org\/wp-content\/uploads\/2025\/11\/Enseignants-Mantes-la-Ville.jpg\" \/>\n\t<meta property=\"og:image:width\" content=\"1920\" \/>\n\t<meta property=\"og:image:height\" content=\"1114\" \/>\n\t<meta property=\"og:image:type\" content=\"image\/jpeg\" \/>\n<meta name=\"author\" content=\"Loise Derbier\" \/>\n<meta name=\"twitter:card\" content=\"summary_large_image\" \/>\n<meta name=\"twitter:label1\" content=\"Written by\" \/>\n\t<meta name=\"twitter:data1\" content=\"Loise Derbier\" \/>\n\t<meta name=\"twitter:label2\" content=\"Est. reading time\" \/>\n\t<meta name=\"twitter:data2\" content=\"3 minutes\" \/>\n<script type=\"application\/ld+json\" class=\"yoast-schema-graph\">{\"@context\":\"https:\/\/schema.org\",\"@graph\":[{\"@type\":\"Article\",\"@id\":\"https:\/\/gemmes.org\/de-nouveaux-parcours-en-ile-de-france#article\",\"isPartOf\":{\"@id\":\"https:\/\/gemmes.org\/de-nouveaux-parcours-en-ile-de-france\"},\"author\":{\"name\":\"Loise Derbier\",\"@id\":\"https:\/\/gemmes.org\/#\/schema\/person\/29da6a860be8bc8bc12d72cb57676237\"},\"headline\":\"De nouveaux parcours en \u00cele-de-France\",\"datePublished\":\"2025-11-07T08:00:45+00:00\",\"dateModified\":\"2025-12-30T16:07:18+00:00\",\"mainEntityOfPage\":{\"@id\":\"https:\/\/gemmes.org\/de-nouveaux-parcours-en-ile-de-france\"},\"wordCount\":312,\"commentCount\":0,\"publisher\":{\"@id\":\"https:\/\/gemmes.org\/#organization\"},\"image\":{\"@id\":\"https:\/\/gemmes.org\/de-nouveaux-parcours-en-ile-de-france#primaryimage\"},\"thumbnailUrl\":\"https:\/\/gemmes.org\/wp-content\/uploads\/2025\/11\/Enseignants-Mantes-la-Ville.jpg\",\"keywords\":[\"Actus\"],\"articleSection\":[\"Actualit\u00e9s\"],\"inLanguage\":\"en-US\",\"potentialAction\":[{\"@type\":\"CommentAction\",\"name\":\"Comment\",\"target\":[\"https:\/\/gemmes.org\/de-nouveaux-parcours-en-ile-de-france#respond\"]}]},{\"@type\":\"WebPage\",\"@id\":\"https:\/\/gemmes.org\/de-nouveaux-parcours-en-ile-de-france\",\"url\":\"https:\/\/gemmes.org\/de-nouveaux-parcours-en-ile-de-france\",\"name\":\"De nouveaux parcours en \u00cele-de-France - Gemmes.org - Reflexion Inspiration Action\",\"isPartOf\":{\"@id\":\"https:\/\/gemmes.org\/#website\"},\"primaryImageOfPage\":{\"@id\":\"https:\/\/gemmes.org\/de-nouveaux-parcours-en-ile-de-france#primaryimage\"},\"image\":{\"@id\":\"https:\/\/gemmes.org\/de-nouveaux-parcours-en-ile-de-france#primaryimage\"},\"thumbnailUrl\":\"https:\/\/gemmes.org\/wp-content\/uploads\/2025\/11\/Enseignants-Mantes-la-Ville.jpg\",\"datePublished\":\"2025-11-07T08:00:45+00:00\",\"dateModified\":\"2025-12-30T16:07:18+00:00\",\"breadcrumb\":{\"@id\":\"https:\/\/gemmes.org\/de-nouveaux-parcours-en-ile-de-france#breadcrumb\"},\"inLanguage\":\"en-US\",\"potentialAction\":[{\"@type\":\"ReadAction\",\"target\":[\"https:\/\/gemmes.org\/de-nouveaux-parcours-en-ile-de-france\"]}]},{\"@type\":\"ImageObject\",\"inLanguage\":\"en-US\",\"@id\":\"https:\/\/gemmes.org\/de-nouveaux-parcours-en-ile-de-france#primaryimage\",\"url\":\"https:\/\/gemmes.org\/wp-content\/uploads\/2025\/11\/Enseignants-Mantes-la-Ville.jpg\",\"contentUrl\":\"https:\/\/gemmes.org\/wp-content\/uploads\/2025\/11\/Enseignants-Mantes-la-Ville.jpg\",\"width\":1920,\"height\":1114},{\"@type\":\"BreadcrumbList\",\"@id\":\"https:\/\/gemmes.org\/de-nouveaux-parcours-en-ile-de-france#breadcrumb\",\"itemListElement\":[{\"@type\":\"ListItem\",\"position\":1,\"name\":\"Accueil\",\"item\":\"https:\/\/gemmes.org\/\"},{\"@type\":\"ListItem\",\"position\":2,\"name\":\"De nouveaux parcours en \u00cele-de-France\"}]},{\"@type\":\"WebSite\",\"@id\":\"https:\/\/gemmes.org\/#website\",\"url\":\"https:\/\/gemmes.org\/\",\"name\":\"Gemmes.org - Reflexion Inspiration Action\",\"description\":\"Reflexion Inspiration Action\",\"publisher\":{\"@id\":\"https:\/\/gemmes.org\/#organization\"},\"potentialAction\":[{\"@type\":\"SearchAction\",\"target\":{\"@type\":\"EntryPoint\",\"urlTemplate\":\"https:\/\/gemmes.org\/?s={search_term_string}\"},\"query-input\":{\"@type\":\"PropertyValueSpecification\",\"valueRequired\":true,\"valueName\":\"search_term_string\"}}],\"inLanguage\":\"en-US\"},{\"@type\":\"Organization\",\"@id\":\"https:\/\/gemmes.org\/#organization\",\"name\":\"Gemmes.org - Reflexion Inspiration Action\",\"url\":\"https:\/\/gemmes.org\/\",\"logo\":{\"@type\":\"ImageObject\",\"inLanguage\":\"en-US\",\"@id\":\"https:\/\/gemmes.org\/#\/schema\/logo\/image\/\",\"url\":\"https:\/\/gemmes.org\/wp-content\/uploads\/2020\/11\/Ib4jhoQA.png\",\"contentUrl\":\"https:\/\/gemmes.org\/wp-content\/uploads\/2020\/11\/Ib4jhoQA.png\",\"width\":2048,\"height\":428,\"caption\":\"Gemmes.org - Reflexion Inspiration Action\"},\"image\":{\"@id\":\"https:\/\/gemmes.org\/#\/schema\/logo\/image\/\"},\"sameAs\":[\"https:\/\/www.linkedin.fr\/yoast\",\"https:\/\/www.instagram.com\/yoast\"]},{\"@type\":\"Person\",\"@id\":\"https:\/\/gemmes.org\/#\/schema\/person\/29da6a860be8bc8bc12d72cb57676237\",\"name\":\"Loise Derbier\",\"image\":{\"@type\":\"ImageObject\",\"inLanguage\":\"en-US\",\"@id\":\"https:\/\/gemmes.org\/#\/schema\/person\/image\/\",\"url\":\"https:\/\/secure.gravatar.com\/avatar\/528f069ce0cf16d896dfb4a4c949522a067f029edb8173dfe952d4ac1dfb35db?s=96&d=mm&r=g\",\"contentUrl\":\"https:\/\/secure.gravatar.com\/avatar\/528f069ce0cf16d896dfb4a4c949522a067f029edb8173dfe952d4ac1dfb35db?s=96&d=mm&r=g\",\"caption\":\"Loise Derbier\"},\"url\":\"https:\/\/gemmes.org\/en\/author\/coeditadmin\"}]}<\/script>\n<!-- \/ Yoast SEO plugin. -->","yoast_head_json":{"title":"De nouveaux parcours en \u00cele-de-France - Gemmes.org - Reflexion Inspiration Action","robots":{"index":"index","follow":"follow","max-snippet":"max-snippet:-1","max-image-preview":"max-image-preview:large","max-video-preview":"max-video-preview:-1"},"canonical":"https:\/\/gemmes.org\/en\/de-nouveaux-parcours-en-ile-de-france\/","og_locale":"en_US","og_type":"article","og_title":"De nouveaux parcours en \u00cele-de-France - Gemmes.org - Reflexion Inspiration Action","og_description":"De nouveaux parcours en \u00cele-de-France 05\/12\/2025 \ud83c\udf92\u00a0\u00cele-de-France : plus grand, plus loin !\u00a0 Gemmes avait d\u00e9j\u00e0 eu la joie, l\u2019an dernier, d\u2019intervenir dans 10 coll\u00e8ges en r\u00e9gion parisienne gr\u00e2ce \u00e0 notre partenariat avec Alliance pour l\u2019\u00c9ducation&#8211; United Way dans le cadre de D\u00e9fi Jeunesse.\u00a0 \u2728 Cette ann\u00e9e scolaire,\u00a0l\u2019aventure s\u2019amplifie\u00a0gr\u00e2ce au","og_url":"https:\/\/gemmes.org\/en\/de-nouveaux-parcours-en-ile-de-france\/","og_site_name":"Gemmes.org - Reflexion Inspiration Action","article_published_time":"2025-11-07T08:00:45+00:00","article_modified_time":"2025-12-30T16:07:18+00:00","og_image":[{"width":1920,"height":1114,"url":"https:\/\/gemmes.org\/wp-content\/uploads\/2025\/11\/Enseignants-Mantes-la-Ville.jpg","type":"image\/jpeg"}],"author":"Loise Derbier","twitter_card":"summary_large_image","twitter_misc":{"Written by":"Loise Derbier","Est. reading time":"3 minutes"},"schema":{"@context":"https:\/\/schema.org","@graph":[{"@type":"Article","@id":"https:\/\/gemmes.org\/de-nouveaux-parcours-en-ile-de-france#article","isPartOf":{"@id":"https:\/\/gemmes.org\/de-nouveaux-parcours-en-ile-de-france"},"author":{"name":"Loise Derbier","@id":"https:\/\/gemmes.org\/#\/schema\/person\/29da6a860be8bc8bc12d72cb57676237"},"headline":"De nouveaux parcours en \u00cele-de-France","datePublished":"2025-11-07T08:00:45+00:00","dateModified":"2025-12-30T16:07:18+00:00","mainEntityOfPage":{"@id":"https:\/\/gemmes.org\/de-nouveaux-parcours-en-ile-de-france"},"wordCount":312,"commentCount":0,"publisher":{"@id":"https:\/\/gemmes.org\/#organization"},"image":{"@id":"https:\/\/gemmes.org\/de-nouveaux-parcours-en-ile-de-france#primaryimage"},"thumbnailUrl":"https:\/\/gemmes.org\/wp-content\/uploads\/2025\/11\/Enseignants-Mantes-la-Ville.jpg","keywords":["Actus"],"articleSection":["Actualit\u00e9s"],"inLanguage":"en-US","potentialAction":[{"@type":"CommentAction","name":"Comment","target":["https:\/\/gemmes.org\/de-nouveaux-parcours-en-ile-de-france#respond"]}]},{"@type":"WebPage","@id":"https:\/\/gemmes.org\/de-nouveaux-parcours-en-ile-de-france","url":"https:\/\/gemmes.org\/de-nouveaux-parcours-en-ile-de-france","name":"De nouveaux parcours en \u00cele-de-France - Gemmes.org - Reflexion Inspiration Action","isPartOf":{"@id":"https:\/\/gemmes.org\/#website"},"primaryImageOfPage":{"@id":"https:\/\/gemmes.org\/de-nouveaux-parcours-en-ile-de-france#primaryimage"},"image":{"@id":"https:\/\/gemmes.org\/de-nouveaux-parcours-en-ile-de-france#primaryimage"},"thumbnailUrl":"https:\/\/gemmes.org\/wp-content\/uploads\/2025\/11\/Enseignants-Mantes-la-Ville.jpg","datePublished":"2025-11-07T08:00:45+00:00","dateModified":"2025-12-30T16:07:18+00:00","breadcrumb":{"@id":"https:\/\/gemmes.org\/de-nouveaux-parcours-en-ile-de-france#breadcrumb"},"inLanguage":"en-US","potentialAction":[{"@type":"ReadAction","target":["https:\/\/gemmes.org\/de-nouveaux-parcours-en-ile-de-france"]}]},{"@type":"ImageObject","inLanguage":"en-US","@id":"https:\/\/gemmes.org\/de-nouveaux-parcours-en-ile-de-france#primaryimage","url":"https:\/\/gemmes.org\/wp-content\/uploads\/2025\/11\/Enseignants-Mantes-la-Ville.jpg","contentUrl":"https:\/\/gemmes.org\/wp-content\/uploads\/2025\/11\/Enseignants-Mantes-la-Ville.jpg","width":1920,"height":1114},{"@type":"BreadcrumbList","@id":"https:\/\/gemmes.org\/de-nouveaux-parcours-en-ile-de-france#breadcrumb","itemListElement":[{"@type":"ListItem","position":1,"name":"Accueil","item":"https:\/\/gemmes.org\/"},{"@type":"ListItem","position":2,"name":"De nouveaux parcours en \u00cele-de-France"}]},{"@type":"WebSite","@id":"https:\/\/gemmes.org\/#website","url":"https:\/\/gemmes.org\/","name":"Gemmes.org - Reflexion Inspiration Action","description":"Reflexion Inspiration Action","publisher":{"@id":"https:\/\/gemmes.org\/#organization"},"potentialAction":[{"@type":"SearchAction","target":{"@type":"EntryPoint","urlTemplate":"https:\/\/gemmes.org\/?s={search_term_string}"},"query-input":{"@type":"PropertyValueSpecification","valueRequired":true,"valueName":"search_term_string"}}],"inLanguage":"en-US"},{"@type":"Organization","@id":"https:\/\/gemmes.org\/#organization","name":"Gemmes.org - Reflexion Inspiration Action","url":"https:\/\/gemmes.org\/","logo":{"@type":"ImageObject","inLanguage":"en-US","@id":"https:\/\/gemmes.org\/#\/schema\/logo\/image\/","url":"https:\/\/gemmes.org\/wp-content\/uploads\/2020\/11\/Ib4jhoQA.png","contentUrl":"https:\/\/gemmes.org\/wp-content\/uploads\/2020\/11\/Ib4jhoQA.png","width":2048,"height":428,"caption":"Gemmes.org - Reflexion Inspiration Action"},"image":{"@id":"https:\/\/gemmes.org\/#\/schema\/logo\/image\/"},"sameAs":["https:\/\/www.linkedin.fr\/yoast","https:\/\/www.instagram.com\/yoast"]},{"@type":"Person","@id":"https:\/\/gemmes.org\/#\/schema\/person\/29da6a860be8bc8bc12d72cb57676237","name":"Loise Derbier","image":{"@type":"ImageObject","inLanguage":"en-US","@id":"https:\/\/gemmes.org\/#\/schema\/person\/image\/","url":"https:\/\/secure.gravatar.com\/avatar\/528f069ce0cf16d896dfb4a4c949522a067f029edb8173dfe952d4ac1dfb35db?s=96&d=mm&r=g","contentUrl":"https:\/\/secure.gravatar.com\/avatar\/528f069ce0cf16d896dfb4a4c949522a067f029edb8173dfe952d4ac1dfb35db?s=96&d=mm&r=g","caption":"Loise Derbier"},"url":"https:\/\/gemmes.org\/en\/author\/coeditadmin"}]}},"_links":{"self":[{"href":"https:\/\/gemmes.org\/en\/wp-json\/wp\/v2\/posts\/19537","targetHints":{"allow":["GET"]}}],"collection":[{"href":"https:\/\/gemmes.org\/en\/wp-json\/wp\/v2\/posts"}],"about":[{"href":"https:\/\/gemmes.org\/en\/wp-json\/wp\/v2\/types\/post"}],"author":[{"embeddable":true,"href":"https:\/\/gemmes.org\/en\/wp-json\/wp\/v2\/users\/3"}],"replies":[{"embeddable":true,"href":"https:\/\/gemmes.org\/en\/wp-json\/wp\/v2\/comments?post=19537"}],"version-history":[{"count":13,"href":"https:\/\/gemmes.org\/en\/wp-json\/wp\/v2\/posts\/19537\/revisions"}],"predecessor-version":[{"id":19590,"href":"https:\/\/gemmes.org\/en\/wp-json\/wp\/v2\/posts\/19537\/revisions\/19590"}],"wp:featuredmedia":[{"embeddable":true,"href":"https:\/\/gemmes.org\/en\/wp-json\/wp\/v2\/media\/19545"}],"wp:attachment":[{"href":"https:\/\/gemmes.org\/en\/wp-json\/wp\/v2\/media?parent=19537"}],"wp:term":[{"taxonomy":"category","embeddable":true,"href":"https:\/\/gemmes.org\/en\/wp-json\/wp\/v2\/categories?post=19537"},{"taxonomy":"post_tag","embeddable":true,"href":"https:\/\/gemmes.org\/en\/wp-json\/wp\/v2\/tags?post=19537"}],"curies":[{"name":"wp","href":"https:\/\/api.w.org\/{rel}","templated":true}]}}